{"id":970,"date":"2019-02-18T21:24:58","date_gmt":"2019-02-19T01:24:58","guid":{"rendered":"https:\/\/consdetroit.esteri.it\/news\/dal_consolato\/2019\/02\/bando-miur-leonardo-da-vinci-2\/"},"modified":"2019-02-18T21:24:58","modified_gmt":"2019-02-19T01:24:58","slug":"bando-miur-leonardo-da-vinci-2","status":"publish","type":"post","link":"https:\/\/consdetroit.esteri.it\/en\/news\/dal_consolato\/2019\/02\/bando-miur-leonardo-da-vinci-2\/","title":{"rendered":"Bando MIUR \u201cLeonardo da Vinci\u201d"},"content":{"rendered":"<p>Il MIUR ha emanato il bando <strong>\u201cLeonardo da Vinci\u201d<\/strong> per valorizzare a livello internazionale le competenze e le capacit\u00e0 del capitale umano dell\u2019alta formazione e della ricerca italiane. Sono previste tre linee di azione, attraverso cui da un lato verranno sostenute attivit\u00e0 di mobilit\u00e0 di docenti, ricercatori e laureati di secondo ciclo italiani per svolgere attivit\u00e0 accademiche all\u2019estero, dall\u2019altro verranno premiati elaborati scientifici o artistici che contribuiscono alla diffusione dell\u2019arte e della cultura italiane nel mondo.<\/p>\n<p>Per ulteriori informazioni si prega di consultare i link riportati qui di seguito:<\/p>\n<p><a href=\"http:\/\/www.crui.it\" target=\"_blank\" rel=\"noopener\">www.crui.it<\/a><br \/><a href=\"resource\/doc\/2019\/02\/bando_leonardo_da_vinci_def.pdf\" target=\"_blank\" rel=\"noopener\">Bando &#8220;Leonardo da Vinci&#8221;<\/a><\/p>\n","protected":false},"excerpt":{"rendered":"Il MIUR ha emanato il bando \u201cLeonardo da Vinci\u201d per valorizzare a livello internazionale le competenze e le capacit\u00e0 del capitale umano dell\u2019alta formazione e della ricerca italiane. Sono previste tre linee di azione, attraverso cui da un lato verranno sostenute attivit\u00e0 di mobilit\u00e0 di docenti, ricercatori e laureati di secondo ciclo italiani per svolgere [&hellip;]","protected":false},"author":1,"featured_media":0,"comment_status":"","ping_status":"","sticky":false,"template":"","format":"standard","meta":{"footnotes":""},"tags":[],"class_list":["post-970","post","type-post","status-publish","format-standard","hentry"],"_links":{"self":[{"href":"https:\/\/consdetroit.esteri.it\/en\/wp-json\/wp\/v2\/posts\/970","targetHints":{"allow":["GET"]}}],"collection":[{"href":"https:\/\/consdetroit.esteri.it\/en\/wp-json\/wp\/v2\/posts"}],"about":[{"href":"https:\/\/consdetroit.esteri.it\/en\/wp-json\/wp\/v2\/types\/post"}],"author":[{"embeddable":true,"href":"https:\/\/consdetroit.esteri.it\/en\/wp-json\/wp\/v2\/users\/1"}],"replies":[{"embeddable":true,"href":"https:\/\/consdetroit.esteri.it\/en\/wp-json\/wp\/v2\/comments?post=970"}],"version-history":[{"count":0,"href":"https:\/\/consdetroit.esteri.it\/en\/wp-json\/wp\/v2\/posts\/970\/revisions"}],"wp:attachment":[{"href":"https:\/\/consdetroit.esteri.it\/en\/wp-json\/wp\/v2\/media?parent=970"}],"wp:term":[{"taxonomy":"post_tag","embeddable":true,"href":"https:\/\/consdetroit.esteri.it\/en\/wp-json\/wp\/v2\/tags?post=970"}],"curies":[{"name":"wp","href":"https:\/\/api.w.org\/{rel}","templated":true}]}}