{"id":836,"date":"2020-06-16T20:57:49","date_gmt":"2020-06-17T00:57:49","guid":{"rendered":"https:\/\/consdetroit.esteri.it\/news\/dal_consolato\/2020\/06\/l-ambasciata-d-italia-celebra-il-2\/"},"modified":"2020-06-16T20:57:49","modified_gmt":"2020-06-17T00:57:49","slug":"l-ambasciata-d-italia-celebra-il-2","status":"publish","type":"post","link":"https:\/\/consdetroit.esteri.it\/en\/news\/dal_consolato\/2020\/06\/l-ambasciata-d-italia-celebra-il-2\/","title":{"rendered":"L&#8217;Ambasciata d&#8217;Italia celebra il Pride Month &#8211; Capital Pride (4-15 giugno 2020) con un&#8217;iniziativa virtuale su Twitter e Instagram."},"content":{"rendered":"<p>L\u2019Ambasciata d&#8217;Italia, insieme a quelle di Argentina, Canada, Danimarca, Francia, Finlandia, Germania, Israele, Messico, Norvegia, Paesi Bassi, Regno Unito, Spagna, Svezia, Svizzera, con la partecipazione del Dipartimento di Stato e del gruppo Digital Diplomacy Coalition (DDC), in occasione del Pride Month &#8211; Capital Pride (4-15 giugno 2020) ha lanciato una campagna sulle piattaforme Twitter e Instagram sui diritti delle persone LGBTQ+. Alla campagna ha partecipato anche l&#8217;organizzazione Capital Pride DC che ha amplificato i messaggi attraverso i propri account.<\/p>\n<p>L\u2019iniziativa si \u00e8 concentrata sulle piattaforme Twitter e Instagram, con una serie di post concernenti la priorit\u00e0 attribuita da tutti i Paesi coinvolti alla difesa dei diritti delle persone LGBTQ+ e alla lotta contro ogni forma di discriminazione sulla base degli orientamenti sessuali e identit\u00e0 di genere e in linea con le posizioni del Governo italiano espresse da ultimo in occasione della Giornata Internazionale contro l&#8217;Omofobia, la Transfobia e la Bifobia il 17 maggio.<\/p>\n<p>Un messaggio volutamente semplice e diretto con l&#8217;utilizzo dell&#8217;hashtag #diplomacyunited4pride e in linea con le campagne social cui l&#8217;Ambasciata d&#8217;Italia ha aderito negli ultimi anni. Si tratta della quinta campagna informale online coordinata con altre Ambasciate nella capitale USA, sotto il cappello #DiplomacyUnited, evoluzione della &#8220;Stockholm Initiative for Digital Diplomacy&#8221; (SIDD), lanciata nel 2014 dal governo svedese.<\/p>\n<p>L&#8217;impegno per la promozione e la tutela dei principi di uguaglianza e dignit\u00e0 di tutti gli esseri umani \u00e8 una delle priorit\u00e0 dell&#8217;azione dell&#8217;Italia a livello nazionale ed in tutti i fori internazionali competenti, tra cui il Consiglio per i Diritti Umani a Ginevra dove l&#8217;Italia siede per il triennio 2019-2021.<\/p>\n","protected":false},"excerpt":{"rendered":"L\u2019Ambasciata d&#8217;Italia, insieme a quelle di Argentina, Canada, Danimarca, Francia, Finlandia, Germania, Israele, Messico, Norvegia, Paesi Bassi, Regno Unito, Spagna, Svezia, Svizzera, con la partecipazione del Dipartimento di Stato e del gruppo Digital Diplomacy Coalition (DDC), in occasione del Pride Month &#8211; Capital Pride (4-15 giugno 2020) ha lanciato una campagna sulle piattaforme Twitter e [&hellip;]","protected":false},"author":1,"featured_media":0,"comment_status":"","ping_status":"","sticky":false,"template":"","format":"standard","meta":{"footnotes":""},"tags":[],"class_list":["post-836","post","type-post","status-publish","format-standard","hentry"],"_links":{"self":[{"href":"https:\/\/consdetroit.esteri.it\/en\/wp-json\/wp\/v2\/posts\/836","targetHints":{"allow":["GET"]}}],"collection":[{"href":"https:\/\/consdetroit.esteri.it\/en\/wp-json\/wp\/v2\/posts"}],"about":[{"href":"https:\/\/consdetroit.esteri.it\/en\/wp-json\/wp\/v2\/types\/post"}],"author":[{"embeddable":true,"href":"https:\/\/consdetroit.esteri.it\/en\/wp-json\/wp\/v2\/users\/1"}],"replies":[{"embeddable":true,"href":"https:\/\/consdetroit.esteri.it\/en\/wp-json\/wp\/v2\/comments?post=836"}],"version-history":[{"count":0,"href":"https:\/\/consdetroit.esteri.it\/en\/wp-json\/wp\/v2\/posts\/836\/revisions"}],"wp:attachment":[{"href":"https:\/\/consdetroit.esteri.it\/en\/wp-json\/wp\/v2\/media?parent=836"}],"wp:term":[{"taxonomy":"post_tag","embeddable":true,"href":"https:\/\/consdetroit.esteri.it\/en\/wp-json\/wp\/v2\/tags?post=836"}],"curies":[{"name":"wp","href":"https:\/\/api.w.org\/{rel}","templated":true}]}}